{"id":1690,"date":"2022-03-08T05:48:04","date_gmt":"2022-03-08T05:48:04","guid":{"rendered":"http:\/\/contintaroja.cl\/?p=1690"},"modified":"2022-03-08T05:48:05","modified_gmt":"2022-03-08T05:48:05","slug":"mis-ojos-son-como-pajaros","status":"publish","type":"post","link":"http:\/\/contintaroja.cl\/?p=1690","title":{"rendered":"Mis ojos son como p\u00e1jaros"},"content":{"rendered":"\n<p><\/p>\n\n\n\n<p>A veces mis ojos se transforman en p\u00e1jaros<\/p>\n\n\n\n<p>Y vuelan cientos de kil\u00f3metros para llegar a tu morada<\/p>\n\n\n\n<p>Y\u00a0 all\u00ed se quedan all\u00ed mir\u00e1ndote<\/p>\n\n\n\n<p>Observando\u00a0 tu sue\u00f1o infinito<\/p>\n\n\n\n<p>tus territorios dormidos bajo la luz se ven m\u00e1s hermosos<\/p>\n\n\n\n<p>Y all\u00ed mis ojos se quedan<\/p>\n\n\n\n<p>En el nido de tu coraz\u00f3n hasta el amanecer<\/p>\n\n\n\n<p>Y\u00a0 te devuelves del eterno viaje con la llegada de las primeras gotas de roc\u00edo<\/p>\n\n\n\n<p>Donde quiz\u00e1s estuvimos juntos<\/p>\n\n\n\n<p>En alguna esquina rota de tus sue\u00f1os\u00a0 \u00a0y los m\u00edos\u00a0 \u00a0 \u00a0 \u00a0 \u00a0 \u00a0 \u00a0 \u00a0 \u00a0 \u00a0 \u00a0<\/p>\n\n\n\n<p>Entonces mis ojos&#8230;\u00a0 \u00a0 \u00a0 \u00a0 \u00a0 \u00a0 \u00a0 \u00a0 \u00a0 \u00a0 \u00a0 \u00a0 \u00a0 \u00a0 \u00a0 \u00a0 \u00a0 \u00a0 \u00a0 \u00a0 \u00a0 \u00a0 \u00a0 \u00a0<\/p>\n\n\n\n<p>Mis\u00a0 \u00a0 p\u00e1jaros&#8230;<\/p>\n\n\n\n<p>Salen de tu piel<\/p>\n\n\n\n<p>Salen de tu nido<\/p>\n\n\n\n<p>De los intersticios de tus muros\u00a0<\/p>\n\n\n\n<p>Y penetran en los m\u00edos&nbsp;<\/p>\n\n\n\n<p>Y me despierto pensando en ti\u00a0<\/p>\n\n\n\n<p>En la magia de haberte conocido<\/p>\n\n\n\n<p>En el ruido de tus\u00a0 \u00a0besos chocando contra los m\u00edos<\/p>\n\n\n\n<p>y siempre en el bosque de mis recuerdos, de mis nostalgias<\/p>\n\n\n\n<p>te encuentro a ti.<\/p>\n\n\n\n<p>Iv\u00e1n Pizarro<\/p>\n","protected":false},"excerpt":{"rendered":"<p>A veces mis ojos se transforman en p\u00e1jaros Y vuelan cientos de kil\u00f3metros para llegar a tu morada Y\u00a0 all\u00ed se quedan all\u00ed mir\u00e1ndote Observando\u00a0 tu sue\u00f1o infinito tus territorios dormidos bajo la luz se ven m\u00e1s hermosos Y all\u00ed mis ojos se quedan En el nido de tu coraz\u00f3n hasta el amanecer Y\u00a0 te [&hellip;]<\/p>\n","protected":false},"author":1,"featured_media":1691,"comment_status":"open","ping_status":"open","sticky":false,"template":"","format":"standard","meta":{"footnotes":""},"categories":[1],"tags":[],"class_list":["post-1690","post","type-post","status-publish","format-standard","has-post-thumbnail","hentry","category-uncategorized"],"_links":{"self":[{"href":"http:\/\/contintaroja.cl\/index.php?rest_route=\/wp\/v2\/posts\/1690","targetHints":{"allow":["GET"]}}],"collection":[{"href":"http:\/\/contintaroja.cl\/index.php?rest_route=\/wp\/v2\/posts"}],"about":[{"href":"http:\/\/contintaroja.cl\/index.php?rest_route=\/wp\/v2\/types\/post"}],"author":[{"embeddable":true,"href":"http:\/\/contintaroja.cl\/index.php?rest_route=\/wp\/v2\/users\/1"}],"replies":[{"embeddable":true,"href":"http:\/\/contintaroja.cl\/index.php?rest_route=%2Fwp%2Fv2%2Fcomments&post=1690"}],"version-history":[{"count":1,"href":"http:\/\/contintaroja.cl\/index.php?rest_route=\/wp\/v2\/posts\/1690\/revisions"}],"predecessor-version":[{"id":1692,"href":"http:\/\/contintaroja.cl\/index.php?rest_route=\/wp\/v2\/posts\/1690\/revisions\/1692"}],"wp:featuredmedia":[{"embeddable":true,"href":"http:\/\/contintaroja.cl\/index.php?rest_route=\/wp\/v2\/media\/1691"}],"wp:attachment":[{"href":"http:\/\/contintaroja.cl\/index.php?rest_route=%2Fwp%2Fv2%2Fmedia&parent=1690"}],"wp:term":[{"taxonomy":"category","embeddable":true,"href":"http:\/\/contintaroja.cl\/index.php?rest_route=%2Fwp%2Fv2%2Fcategories&post=1690"},{"taxonomy":"post_tag","embeddable":true,"href":"http:\/\/contintaroja.cl\/index.php?rest_route=%2Fwp%2Fv2%2Ftags&post=1690"}],"curies":[{"name":"wp","href":"https:\/\/api.w.org\/{rel}","templated":true}]}}