{"id":1709,"date":"2022-03-28T03:01:47","date_gmt":"2022-03-28T03:01:47","guid":{"rendered":"http:\/\/contintaroja.cl\/?p=1709"},"modified":"2022-04-11T16:14:16","modified_gmt":"2022-04-11T16:14:16","slug":"oratoria","status":"publish","type":"post","link":"http:\/\/contintaroja.cl\/?p=1709","title":{"rendered":"ORATORIA"},"content":{"rendered":"\n<p>La <strong>oratoria es la capacidad humana para hablar de forma fluida y, en el mejor de los casos, de hacerlo con la propiedad suficiente para convencer al oyente<\/strong>. Una actividad de vital importancia comunicativa que, pese a su decisiva influencia en competencias como la elaboraci\u00f3n de un discurso, la empat\u00eda o la autoestima, entre muchas otras, no siempre recibe la atenci\u00f3n que merece.<\/p>\n\n\n\n<p>El recurso de la palabra est\u00e1 siempre presente en la vida educativa de los alumnos y alumnas: clases, recreos, salidas\u2026 Pero tambi\u00e9n lo estar\u00e1, en unos a\u00f1os, a lo largo de toda su vida profesional: reuniones, presentaciones, trabajo y liderazgo de equipos, \u2026 Por ello es de gran importancia que el alumnado est\u00e9 preparado para hablar y debatir en p\u00fablico, utilizando estas habilidades de forma ordenada y eficaz.<\/p>\n\n\n\n<!--more-->\n\n\n\n<div class=\"wp-block-file\"><a href=\"http:\/\/contintaroja.cl\/wp-content\/uploads\/2022\/03\/allan-pease.pptx\">Allan Pease y el Lenguaje Corporal<\/a><a href=\"http:\/\/contintaroja.cl\/wp-content\/uploads\/2022\/03\/allan-pease.pptx\" class=\"wp-block-file__button\" download>Descarga<\/a><\/div>\n\n\n\n<div class=\"wp-block-file\"><a href=\"http:\/\/contintaroja.cl\/wp-content\/uploads\/2022\/03\/Barreras-en-la-Comunicaci\u00f3n.ppt\">Barreras en la Comunicaci\u00f3n<\/a><a href=\"http:\/\/contintaroja.cl\/wp-content\/uploads\/2022\/03\/Barreras-en-la-Comunicaci\u00f3n.ppt\" class=\"wp-block-file__button\" download>Descarga<\/a><\/div>\n\n\n\n<div class=\"wp-block-file\"><a href=\"http:\/\/contintaroja.cl\/wp-content\/uploads\/2022\/03\/COMO-VENCER-EL-MIEDO.docx\">Como vencer el miedo<\/a><a href=\"http:\/\/contintaroja.cl\/wp-content\/uploads\/2022\/03\/COMO-VENCER-EL-MIEDO.docx\" class=\"wp-block-file__button\" download>Descarga<\/a><\/div>\n\n\n\n<div class=\"wp-block-file\"><a href=\"http:\/\/contintaroja.cl\/wp-content\/uploads\/2022\/03\/Cuidado-con-tu-lenguaje-no-verbal.docx\">Cuidado con tu lenguaje no verbal<\/a><a href=\"http:\/\/contintaroja.cl\/wp-content\/uploads\/2022\/03\/Cuidado-con-tu-lenguaje-no-verbal.docx\" class=\"wp-block-file__button\" download>Descarga<\/a><\/div>\n\n\n\n<div class=\"wp-block-file\"><a href=\"http:\/\/contintaroja.cl\/wp-content\/uploads\/2022\/03\/ELEMENTOS-VERBALES.pptx\">Elementos verbales<\/a><a href=\"http:\/\/contintaroja.cl\/wp-content\/uploads\/2022\/03\/ELEMENTOS-VERBALES.pptx\" class=\"wp-block-file__button\" download>Descarga<\/a><\/div>\n\n\n\n<div class=\"wp-block-file\"><a href=\"http:\/\/contintaroja.cl\/wp-content\/uploads\/2022\/03\/introduccion.ppt\">Introducci\u00f3n<\/a><a href=\"http:\/\/contintaroja.cl\/wp-content\/uploads\/2022\/03\/introduccion.ppt\" class=\"wp-block-file__button\" download>Descarga<\/a><\/div>\n\n\n\n<div class=\"wp-block-file\"><a href=\"http:\/\/contintaroja.cl\/wp-content\/uploads\/2022\/03\/LENGUAJE-CORPORAL.pptx\">Lenguaje&nbsp; corporal&nbsp;<\/a><a href=\"http:\/\/contintaroja.cl\/wp-content\/uploads\/2022\/03\/LENGUAJE-CORPORAL.pptx\" class=\"wp-block-file__button\" download>Descarga<\/a><\/div>\n\n\n\n<div class=\"wp-block-file\"><a href=\"http:\/\/contintaroja.cl\/wp-content\/uploads\/2022\/03\/miedoescenico.pptx\">Miedo esc\u00e9nico<\/a><a href=\"http:\/\/contintaroja.cl\/wp-content\/uploads\/2022\/03\/miedoescenico.pptx\" class=\"wp-block-file__button\" download>Descarga<\/a><\/div>\n\n\n\n<div class=\"wp-block-file\"><a href=\"http:\/\/contintaroja.cl\/wp-content\/uploads\/2022\/03\/PARALENGUAJE.pptx\">Paralenguaje<\/a><a href=\"http:\/\/contintaroja.cl\/wp-content\/uploads\/2022\/03\/PARALENGUAJE.pptx\" class=\"wp-block-file__button\" download>Descarga<\/a><\/div>\n\n\n\n<div class=\"wp-block-file\"><a href=\"http:\/\/contintaroja.cl\/wp-content\/uploads\/2022\/03\/perder-eel-miedo.docx\">Perder el miedo<\/a><a href=\"http:\/\/contintaroja.cl\/wp-content\/uploads\/2022\/03\/perder-eel-miedo.docx\" class=\"wp-block-file__button\" download>Descarga<\/a><\/div>\n\n\n\n<p>EJERCICIOS<\/p>\n\n\n\n<div class=\"wp-block-file\"><a href=\"http:\/\/contintaroja.cl\/wp-content\/uploads\/2022\/03\/Ejercicios-Respiratorios-para-el-Habla.pptx\">Ejercicios para mejorar la oralidad&nbsp;<\/a><a href=\"http:\/\/contintaroja.cl\/wp-content\/uploads\/2022\/03\/Ejercicios-Respiratorios-para-el-Habla.pptx\" class=\"wp-block-file__button\" download>Descarga<\/a><\/div>\n\n\n\n<div class=\"wp-block-file\"><a href=\"http:\/\/contintaroja.cl\/wp-content\/uploads\/2022\/04\/PRIMER-TALLER-ORALIDAD.docx\">PRIMER TALLER  ORALIDAD<\/a><a href=\"http:\/\/contintaroja.cl\/wp-content\/uploads\/2022\/04\/PRIMER-TALLER-ORALIDAD.docx\" class=\"wp-block-file__button\" download>Descarga<\/a><\/div>\n","protected":false},"excerpt":{"rendered":"<p>La oratoria es la capacidad humana para hablar de forma fluida y, en el mejor de los casos, de hacerlo con la propiedad suficiente para convencer al oyente. Una actividad de vital importancia comunicativa que, pese a su decisiva influencia en competencias como la elaboraci\u00f3n de un discurso, la empat\u00eda o la autoestima, entre muchas [&hellip;]<\/p>\n","protected":false},"author":1,"featured_media":1721,"comment_status":"open","ping_status":"open","sticky":false,"template":"","format":"standard","meta":{"footnotes":""},"categories":[1],"tags":[],"class_list":["post-1709","post","type-post","status-publish","format-standard","has-post-thumbnail","hentry","category-uncategorized"],"_links":{"self":[{"href":"http:\/\/contintaroja.cl\/index.php?rest_route=\/wp\/v2\/posts\/1709","targetHints":{"allow":["GET"]}}],"collection":[{"href":"http:\/\/contintaroja.cl\/index.php?rest_route=\/wp\/v2\/posts"}],"about":[{"href":"http:\/\/contintaroja.cl\/index.php?rest_route=\/wp\/v2\/types\/post"}],"author":[{"embeddable":true,"href":"http:\/\/contintaroja.cl\/index.php?rest_route=\/wp\/v2\/users\/1"}],"replies":[{"embeddable":true,"href":"http:\/\/contintaroja.cl\/index.php?rest_route=%2Fwp%2Fv2%2Fcomments&post=1709"}],"version-history":[{"count":6,"href":"http:\/\/contintaroja.cl\/index.php?rest_route=\/wp\/v2\/posts\/1709\/revisions"}],"predecessor-version":[{"id":1755,"href":"http:\/\/contintaroja.cl\/index.php?rest_route=\/wp\/v2\/posts\/1709\/revisions\/1755"}],"wp:featuredmedia":[{"embeddable":true,"href":"http:\/\/contintaroja.cl\/index.php?rest_route=\/wp\/v2\/media\/1721"}],"wp:attachment":[{"href":"http:\/\/contintaroja.cl\/index.php?rest_route=%2Fwp%2Fv2%2Fmedia&parent=1709"}],"wp:term":[{"taxonomy":"category","embeddable":true,"href":"http:\/\/contintaroja.cl\/index.php?rest_route=%2Fwp%2Fv2%2Fcategories&post=1709"},{"taxonomy":"post_tag","embeddable":true,"href":"http:\/\/contintaroja.cl\/index.php?rest_route=%2Fwp%2Fv2%2Ftags&post=1709"}],"curies":[{"name":"wp","href":"https:\/\/api.w.org\/{rel}","templated":true}]}}